[{"@context":"https:\/\/schema.org\/","@type":"Article","@id":"https:\/\/www.starmal.cz\/vlna-ktera-nestipe\/#Article","mainEntityOfPage":"https:\/\/www.starmal.cz\/vlna-ktera-nestipe\/","headline":"Vlna, kter\u00e1 ne\u0161t\u00edpe","name":"Vlna, kter\u00e1 ne\u0161t\u00edpe","description":"V\u011bd\u011bli jste ale, \u017ee existuje tak p\u0159\u00edjemn\u011b zpracovan\u00e1 vlna, kter\u00e1 v\u016fbec na t\u011ble nen\u00ed nep\u0159\u00edjemn\u00e1, ale m\u016f\u017ee naprosto luxusn\u011b zah\u0159\u00e1t i toho nejv\u011bt\u0161\u00edho zmrzl\u00edka z rodiny? A \u017ee z n\u00ed m\u016f\u017eete sehnat pono\u017eky, spodn\u00ed oble\u010den\u00ed, mikiny, kalhoty, \u0161\u00e1ly? Poj\u010fme si to p\u0159edstavit. V zim\u011b v\u00e1s h\u0159eje, v l\u00e9t\u011b dok\u00e1\u017ee odv\u00e9st p\u0159ebyte\u010dnou vlhkost, dok\u00e1\u017ee tedy splnit [&hellip;]","datePublished":"2022-10-16","dateModified":"2022-10-16","author":{"@type":"Person","@id":"https:\/\/www.starmal.cz\/author\/#Person","name":"","url":"https:\/\/www.starmal.cz\/author\/","identifier":1,"image":{"@type":"ImageObject","@id":"https:\/\/secure.gravatar.com\/avatar\/d6cba3ab97c30e0df0e32548954cb6b1550f4672bd3a4687bf1118b122d757e8?s=96&d=mm&r=g","url":"https:\/\/secure.gravatar.com\/avatar\/d6cba3ab97c30e0df0e32548954cb6b1550f4672bd3a4687bf1118b122d757e8?s=96&d=mm&r=g","height":96,"width":96}},"publisher":{"@type":"Organization","name":"starmal.cz","logo":{"@type":"ImageObject","@id":"\/logo.png","url":"\/logo.png","width":600,"height":60}},"image":{"@type":"ImageObject","@id":"https:\/\/www.starmal.cz\/wp-content\/uploads\/zimni%20obleceni_2.jpg","url":"https:\/\/www.starmal.cz\/wp-content\/uploads\/zimni%20obleceni_2.jpg","height":0,"width":0},"url":"https:\/\/www.starmal.cz\/vlna-ktera-nestipe\/","about":["Slu\u017eby"],"wordCount":427,"articleBody":"         V\u011bd\u011bli jste ale, \u017ee existuje tak p\u0159\u00edjemn\u011b zpracovan\u00e1 vlna, kter\u00e1 v\u016fbec na t\u011ble nen\u00ed nep\u0159\u00edjemn\u00e1, ale m\u016f\u017ee naprosto luxusn\u011b zah\u0159\u00e1t i toho nejv\u011bt\u0161\u00edho zmrzl\u00edka z rodiny? A \u017ee z n\u00ed m\u016f\u017eete sehnat pono\u017eky, spodn\u00ed oble\u010den\u00ed, mikiny, kalhoty, \u0161\u00e1ly? Poj\u010fme si to p\u0159edstavit. V zim\u011b v\u00e1s h\u0159eje, v l\u00e9t\u011b dok\u00e1\u017ee odv\u00e9st p\u0159ebyte\u010dnou vlhkost, dok\u00e1\u017ee tedy splnit sv\u016fj \u00fa\u010del v jak\u00e9mkoli po\u010das\u00ed, je antibakteri\u00e1ln\u00ed a prody\u0161n\u00e1. To je merino vlna, kter\u00e1 m\u00e1 sv\u016fj p\u016fvod ze speci\u00e1ln\u011b vy\u0161lecht\u011bn\u00e9ho druhu ovc\u00ed a\u017e v osmn\u00e1ct\u00e9m stolet\u00ed. Tyto ove\u010dky se chovaly v horn\u00edch oblastech \u0160pan\u011blska a dnes jim lid\u00e9 zase p\u0159ich\u00e1zej\u00ed na chu\u0165. Jedn\u00edm z p\u0159edn\u00edch v\u00fdrobc\u016f funk\u010dn\u00edho oble\u010den\u00ed, vyroben\u00e9ho pr\u00e1v\u011b z tohoto materi\u00e1lu je norsk\u00e1 firma Devold, kter\u00e1 m\u00e1 dlouhou tradici a p\u0159edev\u0161\u00edm historii. Jej\u00edm p\u016fvodn\u00edm c\u00edlem bylo ud\u011blat oble\u010den\u00ed pohodln\u00e9 a kvalitn\u00ed, kter\u00e9 ochr\u00e1n\u00ed v\u016f\u010di vn\u011bj\u0161\u00edm vliv\u016fm po\u010das\u00ed a kter\u00e9 dokonce vyzkou\u0161el s\u00e1m na sv\u00fdch expedic\u00edch Amundsen, proto t\u00e9to zna\u010dce m\u016f\u017eete naprosto d\u016fv\u011b\u0159ovat. Je to zna\u010dka prov\u011b\u0159en\u00e1 takov\u00fdmito extr\u00e9mn\u00edmi podm\u00ednkami, proto do na\u0161ich podm\u00ednek v \u010cesk\u00e9 republice v\u00edce ne\u017e obstoj\u00ed. Dokonal\u00e9 zpracov\u00e1n\u00ed bude sed\u011bt ka\u017ed\u00e9mu typu postavy, a\u0165 u\u017e si vyberete spodn\u00ed oble\u010den\u00ed pod svrchn\u00ed oble\u010den\u00ed nebo samostatn\u00e9 kousky jako jsou rol\u00e1ky nebo mikiny. Nav\u00edc se jedn\u00e1 o zcela p\u0159\u00edrodn\u00ed materi\u00e1l a nen\u00ed kv\u016fli jeho pou\u017eit\u00ed t\u00fdr\u00e1no \u017e\u00e1dn\u00e9 zv\u00ed\u0159e, sp\u00ed\u0161e naopak. Oble\u010den\u00ed z tohoto vl\u00e1kna budete r\u00e1di obl\u00e9kat i va\u0161im d\u011btem, proto\u017ee m\u00e1te tak zaru\u010deno, \u017ee jim nebude zima. M\u016f\u017eete z merina po\u0159\u00eddit nap\u0159\u00edklad i kukly nebo \u010depice na jejich hlavi\u010dky, kter\u00e9 je t\u0159eba chr\u00e1nit zejm\u00e9na v zim\u011b p\u0159ed s\u00edlou v\u011btru nebo sn\u011bhov\u00fdch vlo\u010dek. I kojenci do ko\u010d\u00e1rku nebudete cht\u00edt d\u00e1vat nic jin\u00e9ho, a\u017e pozn\u00e1te, jak kr\u00e1sn\u011b toto oble\u010den\u00ed funguje, budete ho cht\u00edt v\u00edce i pro sebe. Prody\u0161n\u00e9 oble\u010den\u00ed pod oteplov\u00e1ky, to je to, co budete pot\u0159ebovat na hory a kter\u00e9 nebude zasmr\u00e1dat.                                                                                                                                                                                                                                                                                                                                                                                           4\/5 - (4 votes)        "},{"@context":"https:\/\/schema.org\/","@type":"BreadcrumbList","itemListElement":[{"@type":"ListItem","position":1,"name":"Vlna, kter\u00e1 ne\u0161t\u00edpe","item":"https:\/\/www.starmal.cz\/vlna-ktera-nestipe\/#breadcrumbitem"}]}]