[{"@context":"https:\/\/schema.org\/","@type":"Article","@id":"https:\/\/www.starmal.cz\/proc-si-nekoupit-prsten\/#Article","mainEntityOfPage":"https:\/\/www.starmal.cz\/proc-si-nekoupit-prsten\/","headline":"Pro\u010d si nekoupit prsten","name":"Pro\u010d si nekoupit prsten","description":"U\u017e jste n\u011bkdy vid\u011bli zlat\u00fd prsten se saf\u00edrem? J\u00e1 ano, proto\u017ee denn\u011b proch\u00e1z\u00edm obchody se \u0161perky. Je to takov\u00e1 moje v\u00e1\u0161e\u0148. Ka\u017ed\u00fd m\u00e1 n\u011bjakou jinou v\u00e1\u0161e\u0148 a j\u00e1 m\u00e1m tuto. Poj\u010fme si ale \u0159\u00edct, jakou barvu vlastn\u011b m\u016f\u017ee m\u00edt saf\u00edr. Saf\u00edr m\u016f\u017ee m\u00edt jakoukoliv barvu, na kterou si vzpomenete &#8211; od zelen\u00e9, a\u017e po fialovou. [&hellip;]","datePublished":"2022-02-07","dateModified":"2023-05-26","author":{"@type":"Person","@id":"https:\/\/www.starmal.cz\/author\/#Person","name":"","url":"https:\/\/www.starmal.cz\/author\/","identifier":1,"image":{"@type":"ImageObject","@id":"https:\/\/secure.gravatar.com\/avatar\/d6cba3ab97c30e0df0e32548954cb6b1550f4672bd3a4687bf1118b122d757e8?s=96&d=mm&r=g","url":"https:\/\/secure.gravatar.com\/avatar\/d6cba3ab97c30e0df0e32548954cb6b1550f4672bd3a4687bf1118b122d757e8?s=96&d=mm&r=g","height":96,"width":96}},"publisher":{"@type":"Organization","name":"starmal.cz","logo":{"@type":"ImageObject","@id":"\/logo.png","url":"\/logo.png","width":600,"height":60}},"image":{"@type":"ImageObject","@id":"https:\/\/www.starmal.cz\/wp-content\/uploads\/woman-g098eb6021_640_2.png","url":"https:\/\/www.starmal.cz\/wp-content\/uploads\/woman-g098eb6021_640_2.png","height":0,"width":0},"url":"https:\/\/www.starmal.cz\/proc-si-nekoupit-prsten\/","about":["Zbo\u017e\u00ed"],"wordCount":429,"articleBody":"      U\u017e jste n\u011bkdy vid\u011bli zlat\u00fd prsten se saf\u00edrem? J\u00e1 ano, proto\u017ee denn\u011b proch\u00e1z\u00edm obchody se \u0161perky. Je to takov\u00e1 moje v\u00e1\u0161e\u0148. Ka\u017ed\u00fd m\u00e1 n\u011bjakou jinou v\u00e1\u0161e\u0148 a j\u00e1 m\u00e1m tuto. Poj\u010fme si ale \u0159\u00edct, jakou barvu vlastn\u011b m\u016f\u017ee m\u00edt saf\u00edr. Saf\u00edr m\u016f\u017ee m\u00edt jakoukoliv barvu, na kterou si vzpomenete &#8211; od zelen\u00e9, a\u017e po fialovou. Nej\u010dast\u011bji ale saf\u00edr m\u016f\u017eeme zn\u00e1t v modr\u00e9 nebo fialov\u00e9 barv\u011b. Prst\u00fdnky obecn\u011b jsou kr\u00e1sn\u00e9, ale pokud je v nich je\u0161t\u011b nav\u00edc i p\u0159idan\u00fd k\u00e1men, jsou je\u0161t\u011b kr\u00e1sn\u011bj\u0161\u00ed. Prst\u00fdnky nos\u00ed \u017eeny ka\u017ed\u00e9ho v\u011bku a \u017e\u00e1dn\u00e1 \u017eena nen\u00ed pro prst\u00fdnky p\u0159\u00edli\u0161 star\u00e1 &#8211; kdo tvrd\u00ed \u017ee ano, tak je to jen n\u011bjak\u00e1 f\u00e1ma, kter\u00e1 nem\u00e1 \u017e\u00e1dnou podstatu.Ve skute\u010dnosti prsten se saf\u00edrem ka\u017edou \u017eenu jenom zkr\u00e1\u0161luje &#8211; a\u0165 u\u017e m\u00e1te patn\u00e1ct, dvacet, \u010dty\u0159icet, nebo \u0161edes\u00e1t let &#8211; v\u011bk v tomto opravdu nehraje \u017e\u00e1dnou roli, to mi v\u011b\u0159te. Podstatn\u00e9 je zejm\u00e9na to, na kolik let se c\u00edt\u00edte vy. M\u016f\u017ee existovat \u017eena, kter\u00e1 m\u00e1 dvacet p\u011bt let a c\u00edt\u00ed se na \u0161edes\u00e1t, m\u00e1 deprese. Pak ale m\u016f\u017ee tak\u00e9 existovat \u017eena, kter\u00e1 m\u00e1 sedmdes\u00e1t let a c\u00edt\u00ed se na dvacet let. Je to jenom o p\u0159\u00edstupu k \u017eivotu a o tom, jak ten \u017eivot vn\u00edm\u00e1te. Prsten se saf\u00edrem je ale rozhodn\u011b v\u011bc, do kter\u00e9 se vyplat\u00ed investovat, pokud chcete sama sebe je\u0161t\u011b v\u00edce zkr\u00e1\u0161lit. Budete m\u00edt tak podstatn\u011b v\u011bt\u0161\u00ed sebev\u011bdom\u00edm a prsten se saf\u00edrem v\u00e1m ho dod\u00e1, o to se v\u016fbec nemus\u00edte b\u00e1t.Budete se c\u00edtit sebev\u011bdom\u011b, dob\u0159e, budete na sebe py\u0161n\u00e1 a na prstu se v\u00e1m bude lesknout a t\u0159pytit kr\u00e1sn\u00fd \u0161perk &#8211; prsten se saf\u00edrem. Je pravda, \u017ee zlat\u00e9 prsteny v kombinaci se saf\u00edrem jsou trochu dra\u017e\u0161\u00ed, ale to v\u016fbec nevad\u00ed, pokud m\u00e1te r\u00e1dy \u0161perky stejn\u011b jako j\u00e1 a jste do nich zakoukan\u00e9, vy\u0161\u0161\u00ed cena v tomto ohledu nemus\u00ed hr\u00e1t v\u016fbec \u017e\u00e1dnou roli, proto se nen\u00ed \u010deho b\u00e1t. Prst\u00fdnek se saf\u00edrem v\u00e1m nepochybn\u011b m\u016f\u017ee vydr\u017eet a\u017e des\u00edtky let, kdy\u017e se o n\u011bj budete p\u011bkn\u011b starat &#8211; a to za to p\u0159ece stoj\u00ed, m\u00edt tak kr\u00e1sn\u00fd a elegantn\u00ed \u0161perk.                                                                                                                                                                                                                                                                                                                                                                                           4.6\/5 - (8 votes)        "},{"@context":"https:\/\/schema.org\/","@type":"BreadcrumbList","itemListElement":[{"@type":"ListItem","position":1,"name":"Pro\u010d si nekoupit prsten","item":"https:\/\/www.starmal.cz\/proc-si-nekoupit-prsten\/#breadcrumbitem"}]}]