[{"@context":"https:\/\/schema.org\/","@type":"Article","@id":"https:\/\/www.starmal.cz\/merunkove-saty-pro-vas-vecer\/#Article","mainEntityOfPage":"https:\/\/www.starmal.cz\/merunkove-saty-pro-vas-vecer\/","headline":"Meru\u0148kov\u00e9 \u0161aty pro v\u00e1\u0161 ve\u010der!","name":"Meru\u0148kov\u00e9 \u0161aty pro v\u00e1\u0161 ve\u010der!","description":"Milujete meru\u0148kovou barvu? Pokud ano tak si zajist\u00e9 u n\u00e1s vyberete kr\u00e1sn\u00e9 \u0161aty pr\u00e1v\u011b v t\u00e9to n\u00e1dhern\u00e9 barv\u011b. A my v\u00edme, \u017ee v\u00e1m ur\u010dit\u011b budou slu\u0161et! Milujete \u0161aty? A to nejen v l\u00e9t\u011b, ale tak\u00e9 klidn\u011b po cel\u00fd rok? Pokud jste odpov\u011bd\u011bly mil\u00e9 d\u00e1my, \u017ee ano tak zav\u00edtejte pro ty na\u0161e meru\u0148kov\u00e9 \u0161aty, kter\u00e9 si [&hellip;]","datePublished":"2021-12-14","dateModified":"2023-05-26","author":{"@type":"Person","@id":"https:\/\/www.starmal.cz\/author\/#Person","name":"","url":"https:\/\/www.starmal.cz\/author\/","identifier":1,"image":{"@type":"ImageObject","@id":"https:\/\/secure.gravatar.com\/avatar\/d6cba3ab97c30e0df0e32548954cb6b1550f4672bd3a4687bf1118b122d757e8?s=96&d=mm&r=g","url":"https:\/\/secure.gravatar.com\/avatar\/d6cba3ab97c30e0df0e32548954cb6b1550f4672bd3a4687bf1118b122d757e8?s=96&d=mm&r=g","height":96,"width":96}},"publisher":{"@type":"Organization","name":"starmal.cz","logo":{"@type":"ImageObject","@id":"\/logo.png","url":"\/logo.png","width":600,"height":60}},"image":{"@type":"ImageObject","@id":"https:\/\/www.starmal.cz\/wp-content\/uploads\/holiday-g7098861de_640.jpg","url":"https:\/\/www.starmal.cz\/wp-content\/uploads\/holiday-g7098861de_640.jpg","height":0,"width":0},"url":"https:\/\/www.starmal.cz\/merunkove-saty-pro-vas-vecer\/","about":["Zbo\u017e\u00ed"],"wordCount":490,"articleBody":"      Milujete meru\u0148kovou barvu? Pokud ano tak si zajist\u00e9 u n\u00e1s vyberete kr\u00e1sn\u00e9 \u0161aty pr\u00e1v\u011b v t\u00e9to n\u00e1dhern\u00e9 barv\u011b. A my v\u00edme, \u017ee v\u00e1m ur\u010dit\u011b budou slu\u0161et! Milujete \u0161aty? A to nejen v l\u00e9t\u011b, ale tak\u00e9 klidn\u011b po cel\u00fd rok? Pokud jste odpov\u011bd\u011bly mil\u00e9 d\u00e1my, \u017ee ano tak zav\u00edtejte pro ty na\u0161e meru\u0148kov\u00e9 \u0161aty, kter\u00e9 si zajist\u00e9 velmi rychle obl\u00edb\u00edte. Ka\u017edou \u017eenu zdob\u00ed nejen kr\u00e1sn\u00e9 \u0161perky, ale tak\u00e9 jej\u00ed kr\u00e1sn\u00e9 oble\u010den\u00ed.V dne\u0161n\u00ed modern\u00ed dob\u011b \u017eeny nos\u00ed p\u0159ev\u00e1\u017en\u011b kalhoty a tri\u010dko, ale co takov\u00e9 kr\u00e1sn\u00e9 \u0161aty, kter\u00e9 uk\u00e1\u017eou va\u0161i kr\u00e1snou postavu a p\u00e1nov\u00e9 se za v\u00e1mi budou ot\u00e1\u010det nejen venku, ale tak\u00e9 nap\u0159\u00edklad i ve va\u0161em zam\u011bstn\u00e1n\u00ed? Nev\u011b\u0159\u00edte? My ano! Meru\u0148kov\u00e1 barva je sama o sob\u011b n\u00e1dhern\u00e1, proto\u017ee ka\u017ed\u00e1 barva vyvol\u00e1v\u00e1 v na\u0161\u00ed hlav\u011b r\u016fzn\u00e9 pocity a my\u0161lenky. Tato barva n\u00e1m p\u0159ipom\u00edn\u00e1 kr\u00e1sn\u00fd tepl\u00fd letn\u00ed den a to z\u00e1\u0159\u00edc\u00ed slunce co n\u00e1s tak hezky h\u0159eje do tv\u00e1\u0159\u00ed. A ihned se v\u00e1m na tv\u00e1\u0159\u00ed p\u0159i t\u00e9to vzpom\u00ednce vykouzl\u00ed onen \u00fasm\u011bv a srdce v\u00e1m samou radost\u00ed posko\u010d\u00ed. Pakli\u017ee jsme brnkli na va\u0161i strunu u\u017e nen\u00ed na co \u010dekat a zav\u00edtat k n\u00e1m na n\u00e1\u0161 e-shop a vybrat si ty svoje vysn\u011bn\u00e9 \u0161aty. Ale nenab\u00edz\u00edme jen \u0161aty v t\u00e9to barv\u011b, proto\u017ee na v\u00fdb\u011br m\u00e1me opravdu hodn\u011b v\u011bc\u00ed. Nebo snad tou\u017e\u00edme po leg\u00edn\u00e1ch? A co takov\u00e1 tepl\u00e1 \u010depice, kter\u00e1 je nav\u00edc elegantn\u00ed a modern\u00ed?Ano i tu v\u00e1m m\u016f\u017eeme nab\u00eddnout klidn\u011b je\u0161t\u011b dnes a ostudu s n\u00ed opravdu nikde neud\u011bl\u00e1te za to d\u00e1me ruku do ohn\u011b. Nebo v\u00e1m snad ve va\u0161em \u0161atn\u00edku chyb\u00ed i sukn\u011b \u010di snad tepl\u00fd kardigan na zimn\u00ed nebo podzimn\u00ed ve\u010dery? Pokud ano tak ten u n\u00e1s tak\u00e9 naleznete. A mil\u00e9 d\u00e1my m\u00e1me pro v\u00e1s i uleh\u010den\u00ed va\u0161eho hled\u00e1n\u00ed v\u00e1mi obl\u00edben\u00e9ho kousku podle barvy. N\u00e1\u0161 e-shop v\u00e1m nab\u00eddne rychl\u00e9 vyhled\u00e1v\u00e1n\u00ed, proto\u017ee podle barev se rychleji p\u0159eci hled\u00e1 nap\u0159\u00edklad va\u0161e vysn\u011bn\u00e1 sukn\u011b. P\u0159esv\u011bd\u010dte se! A ur\u010dit\u011b n\u00e1m d\u00e1te za pravdu. Nebo snad sh\u00e1n\u00edte vhodn\u00fd d\u00e1rek pro n\u011bkoho bl\u00edzk\u00e9ho a v\u00edte, \u017ee miluje oble\u010den\u00ed stejn\u011b jako vy? Tak nen\u00ed na co \u010dekat a ud\u011blat si p\u011bknou z\u00e1sobu. Se v\u0161\u00edm v\u00e1m porad\u00edme, proto\u017ee v\u00e1s p\u0159ece nenech\u00e1me ve \u0161tychu! Jsme tu jen a jen pro v\u00e1s a vyzn\u00e1me se v m\u00f3d\u011b.                                                                                                                                                                                                                                                                                                                                                                                          4.4\/5 - (12 votes)        "},{"@context":"https:\/\/schema.org\/","@type":"BreadcrumbList","itemListElement":[{"@type":"ListItem","position":1,"name":"Meru\u0148kov\u00e9 \u0161aty pro v\u00e1\u0161 ve\u010der!","item":"https:\/\/www.starmal.cz\/merunkove-saty-pro-vas-vecer\/#breadcrumbitem"}]}]